{"id":1546,"date":"2017-08-08T10:46:30","date_gmt":"2017-08-08T09:46:30","guid":{"rendered":"http:\/\/www.rachat-voiture.fr\/blog\/?p=1546"},"modified":"2017-08-08T10:49:47","modified_gmt":"2017-08-08T09:49:47","slug":"2018-vers-controle-technique-plus-rigoureux-autos","status":"publish","type":"post","link":"https:\/\/www.rachat-voiture.fr\/blog\/2018-vers-controle-technique-plus-rigoureux-autos\/","title":{"rendered":"2018 : vers un contr\u00f4le technique plus rigoureux des autos"},"content":{"rendered":"<p>L\u2019ann\u00e9e prochaine promet une v\u00e9rification plus s\u00e9v\u00e8re concernant les v\u00e9hicules mis en circulation. En effet, pour 2018, certains d\u00e9fauts p\u00e9naliseront beaucoup de voitures et leur vaudront une interdiction de circulation imm\u00e9diate. Le r\u00e9capitulatif des points \u00e0 savoir.<\/p>\n<p>Pour chaque voyage, les contr\u00f4les techniques sur les v\u00e9hicules sont obligatoires. Pour leur s\u00e9curit\u00e9 et celle d\u2019autrui, les automobilistes sont tenus de v\u00e9rifier leur syst\u00e8me de freinage, de direction, leurs roues, leurs phares\u2026<\/p>\n<p>Selon les informations \u00e9mises par les m\u00e9dias, ce syst\u00e8me de contr\u00f4le devrait se corser pour l\u2019ann\u00e9e 2018. En effet, selon les sources, \u00ab\u00a0<strong><em>il y en aura plus de 400 en mai en 2018<\/em><\/strong>\u00a0\u00bb en termes de points de contr\u00f4le si aujourd\u2019hui, on n\u2019en compte encore que 124.<\/p>\n<h2><strong>Certains d\u00e9fauts induiront une immobilisation imm\u00e9diate du v\u00e9hicule<\/strong><\/h2>\n<p>Pour l\u2019ann\u00e9e 2018, les accoudoirs, les r\u00e9troviseurs int\u00e9rieurs ainsi que les appuie-t\u00eates feront \u00e9galement partie des points \u00e0 contr\u00f4ler. Comme le magazine Auto plus l\u2019a soulign\u00e9 dans son num\u00e9ro du mois d\u2019avril, beaucoup des d\u00e9fauts de voiture, lesquels sont class\u00e9s parmi les \u00ab\u00a0d\u00e9faillances critiques\u00a0\u00bb et sont r\u00e9guli\u00e8rement soumis \u00e0 des contre-visites, seront particuli\u00e8rement concern\u00e9s par cette refonte du contr\u00f4le technique auto. Ces d\u00e9fauts, lesquels sont au nombre de 196 actuellement et dont 126 majeures et inqui\u00e9tantes, p\u00e9naliseront imm\u00e9diatement les v\u00e9hicules concern\u00e9s. En effet, ceux-ci n\u2019auront plus le droit de circuler et cette sanction aura un effet imm\u00e9diat.<\/p>\n<p>Actuellement, les automobilistes disposent encore de 2 mois pour effectuer la contre-visite. En 2018, ce privil\u00e8ge ne sera plus. Les r\u00e9parations relatives \u00e0 ces d\u00e9faillances critiques devront s\u2019effectuer dans la journ\u00e9e sans quoi le v\u00e9hicule n\u2019aura plus le droit de rouler. Une vignette d\u2019une journ\u00e9e sera ainsi distribu\u00e9e aux conducteurs pour qu\u2019ils puissent r\u00e9parer leurs probl\u00e8mes.<\/p>\n<h2><strong>Une hausse de tarif \u00e0 pr\u00e9voir <\/strong><\/h2>\n<p>Comme les points de contr\u00f4le de la visite technique augmentent, il est aussi normal de penser \u00e0 une \u00e9ventuelle hausse des tarifs souligne Europe 1. En effet, le contr\u00f4le prendra plus de temps que d\u2019habitude pour v\u00e9rifier chaque point. Ce qui entra\u00eenera un co\u00fbt cons\u00e9quent. Pour le moment, les prix oscillent entre 50 \u00e0 75 euros pour une voiture l\u00e9g\u00e8re \u00e0 essence, et 55 \u00e0 85 euros pour une voiture l\u00e9g\u00e8re diesel. Ce prix varie normalement en fonction des lieux et du type de voiture.<\/p>\n<p>A noter toutefois que cette directive tend \u00e0 am\u00e9liorer la s\u00e9curit\u00e9 de tous les conducteurs et de leurs passagers. Cette r\u00e9forme entre dans le cadre de l\u2019atteinte de l\u2019objectif de \u00ab\u00a0z\u00e9ro d\u00e9c\u00e8s\u00a0\u00bb dans les transports routiers fix\u00e9 par l\u2019Union Europ\u00e9enne jusqu\u2019en 2050.<\/p>\n","protected":false},"excerpt":{"rendered":"<p>L\u2019ann\u00e9e prochaine promet une v\u00e9rification plus s\u00e9v\u00e8re concernant les v\u00e9hicules mis en circulation. En effet, pour 2018, certains d\u00e9fauts p\u00e9naliseront beaucoup de voitures et leur vaudront une interdiction de circulation imm\u00e9diate. Le r\u00e9capitulatif des points \u00e0 savoir. Pour chaque voyage, les contr\u00f4les techniques sur les v\u00e9hicules sont obligatoires. Pour leur s\u00e9curit\u00e9 et celle d\u2019autrui, les automobilistes sont tenus de v\u00e9rifier leur syst\u00e8me de freinage, de direction, leurs roues, leurs phares\u2026 Selon les informations \u00e9mises par les m\u00e9dias, ce syst\u00e8me de contr\u00f4le devrait se corser pour l\u2019ann\u00e9e 2018. En effet, selon les sources, \u00ab\u00a0il y en aura plus de 400 en [&hellip;]<\/p>\n","protected":false},"author":1,"featured_media":1548,"comment_status":"closed","ping_status":"open","sticky":false,"template":"","format":"standard","meta":[],"categories":[27],"tags":[],"yoast_head":"<!-- This site is optimized with the Yoast SEO plugin v20.7 - https:\/\/yoast.com\/wordpress\/plugins\/seo\/ -->\n<title>Contr\u00f4le technique des automobiles : V\u00e9rification rigoureuse en 2018<\/title>\n<meta name=\"description\" content=\"En 2018, plus de 400 points seront \u00e0 v\u00e9rifier lors du contr\u00f4le technique de voitures et entraineront l\u2019interdiction imm\u00e9diate de circulation\" \/>\n<meta name=\"robots\" content=\"index, follow, max-snippet:-1, max-image-preview:large, max-video-preview:-1\" \/>\n<link rel=\"canonical\" href=\"https:\/\/www.rachat-voiture.fr\/blog\/2018-vers-controle-technique-plus-rigoureux-autos\/\" \/>\n<meta property=\"og:locale\" content=\"fr_FR\" \/>\n<meta property=\"og:type\" content=\"article\" \/>\n<meta property=\"og:title\" content=\"Contr\u00f4le technique des automobiles : V\u00e9rification rigoureuse en 2018\" \/>\n<meta property=\"og:description\" content=\"En 2018, plus de 400 points seront \u00e0 v\u00e9rifier lors du contr\u00f4le technique de voitures et entraineront l\u2019interdiction imm\u00e9diate de circulation\" \/>\n<meta property=\"og:url\" content=\"https:\/\/www.rachat-voiture.fr\/blog\/2018-vers-controle-technique-plus-rigoureux-autos\/\" \/>\n<meta property=\"og:site_name\" content=\"Rachat Voiture le blog\" \/>\n<meta property=\"article:publisher\" content=\"https:\/\/www.facebook.com\/rachat-voiturefr-173315142697028\" \/>\n<meta property=\"article:published_time\" content=\"2017-08-08T09:46:30+00:00\" \/>\n<meta property=\"article:modified_time\" content=\"2017-08-08T09:49:47+00:00\" \/>\n<meta property=\"og:image\" content=\"https:\/\/www.rachat-voiture.fr\/blog\/wp-content\/uploads\/2017\/08\/Controle-technique-des-automobiles-2018-france.jpg\" \/>\n\t<meta property=\"og:image:width\" content=\"533\" \/>\n\t<meta property=\"og:image:height\" content=\"300\" \/>\n\t<meta property=\"og:image:type\" content=\"image\/jpeg\" \/>\n<meta name=\"author\" content=\"rachatvo\" \/>\n<meta name=\"twitter:card\" content=\"summary_large_image\" \/>\n<meta name=\"twitter:creator\" content=\"@Rachatvoiture\" \/>\n<meta name=\"twitter:site\" content=\"@Rachatvoiture\" \/>\n<meta name=\"twitter:label1\" content=\"\u00c9crit par\" \/>\n\t<meta name=\"twitter:data1\" content=\"rachatvo\" \/>\n\t<meta name=\"twitter:label2\" content=\"Dur\u00e9e de lecture estim\u00e9e\" \/>\n\t<meta name=\"twitter:data2\" content=\"2 minutes\" \/>\n<script type=\"application\/ld+json\" class=\"yoast-schema-graph\">{\"@context\":\"https:\/\/schema.org\",\"@graph\":[{\"@type\":\"Article\",\"@id\":\"https:\/\/www.rachat-voiture.fr\/blog\/2018-vers-controle-technique-plus-rigoureux-autos\/#article\",\"isPartOf\":{\"@id\":\"https:\/\/www.rachat-voiture.fr\/blog\/2018-vers-controle-technique-plus-rigoureux-autos\/\"},\"author\":{\"name\":\"rachatvo\",\"@id\":\"https:\/\/www.rachat-voiture.fr\/blog\/#\/schema\/person\/5a72fbf092e9bdef8e8635e3e44a8735\"},\"headline\":\"2018 : vers un contr\u00f4le technique plus rigoureux des autos\",\"datePublished\":\"2017-08-08T09:46:30+00:00\",\"dateModified\":\"2017-08-08T09:49:47+00:00\",\"mainEntityOfPage\":{\"@id\":\"https:\/\/www.rachat-voiture.fr\/blog\/2018-vers-controle-technique-plus-rigoureux-autos\/\"},\"wordCount\":482,\"publisher\":{\"@id\":\"https:\/\/www.rachat-voiture.fr\/blog\/#organization\"},\"articleSection\":[\"ACTUALIT\u00c9 DE LA VOITURE\"],\"inLanguage\":\"fr-FR\"},{\"@type\":\"WebPage\",\"@id\":\"https:\/\/www.rachat-voiture.fr\/blog\/2018-vers-controle-technique-plus-rigoureux-autos\/\",\"url\":\"https:\/\/www.rachat-voiture.fr\/blog\/2018-vers-controle-technique-plus-rigoureux-autos\/\",\"name\":\"Contr\u00f4le technique des automobiles : V\u00e9rification rigoureuse en 2018\",\"isPartOf\":{\"@id\":\"https:\/\/www.rachat-voiture.fr\/blog\/#website\"},\"datePublished\":\"2017-08-08T09:46:30+00:00\",\"dateModified\":\"2017-08-08T09:49:47+00:00\",\"description\":\"En 2018, plus de 400 points seront \u00e0 v\u00e9rifier lors du contr\u00f4le technique de voitures et entraineront l\u2019interdiction imm\u00e9diate de circulation\",\"inLanguage\":\"fr-FR\",\"potentialAction\":[{\"@type\":\"ReadAction\",\"target\":[\"https:\/\/www.rachat-voiture.fr\/blog\/2018-vers-controle-technique-plus-rigoureux-autos\/\"]}]},{\"@type\":\"WebSite\",\"@id\":\"https:\/\/www.rachat-voiture.fr\/blog\/#website\",\"url\":\"https:\/\/www.rachat-voiture.fr\/blog\/\",\"name\":\"Rachat Voiture le blog\",\"description\":\"\",\"publisher\":{\"@id\":\"https:\/\/www.rachat-voiture.fr\/blog\/#organization\"},\"potentialAction\":[{\"@type\":\"SearchAction\",\"target\":{\"@type\":\"EntryPoint\",\"urlTemplate\":\"https:\/\/www.rachat-voiture.fr\/blog\/?s={search_term_string}\"},\"query-input\":\"required name=search_term_string\"}],\"inLanguage\":\"fr-FR\"},{\"@type\":\"Organization\",\"@id\":\"https:\/\/www.rachat-voiture.fr\/blog\/#organization\",\"name\":\"Rachat-Voiture\",\"url\":\"https:\/\/www.rachat-voiture.fr\/blog\/\",\"logo\":{\"@type\":\"ImageObject\",\"inLanguage\":\"fr-FR\",\"@id\":\"https:\/\/www.rachat-voiture.fr\/blog\/#\/schema\/logo\/image\/\",\"url\":\"https:\/\/www.rachat-voiture.fr\/blog\/wp-content\/uploads\/2016\/03\/logo-rachat-voiture.jpg\",\"contentUrl\":\"https:\/\/www.rachat-voiture.fr\/blog\/wp-content\/uploads\/2016\/03\/logo-rachat-voiture.jpg\",\"width\":425,\"height\":126,\"caption\":\"Rachat-Voiture\"},\"image\":{\"@id\":\"https:\/\/www.rachat-voiture.fr\/blog\/#\/schema\/logo\/image\/\"},\"sameAs\":[\"https:\/\/www.facebook.com\/rachat-voiturefr-173315142697028\",\"https:\/\/twitter.com\/Rachatvoiture\"]},{\"@type\":\"Person\",\"@id\":\"https:\/\/www.rachat-voiture.fr\/blog\/#\/schema\/person\/5a72fbf092e9bdef8e8635e3e44a8735\",\"name\":\"rachatvo\",\"image\":{\"@type\":\"ImageObject\",\"inLanguage\":\"fr-FR\",\"@id\":\"https:\/\/www.rachat-voiture.fr\/blog\/#\/schema\/person\/image\/\",\"url\":\"https:\/\/secure.gravatar.com\/avatar\/be7bd3f27e2e82a897edd01b27a701b1?s=96&d=mm&r=g\",\"contentUrl\":\"https:\/\/secure.gravatar.com\/avatar\/be7bd3f27e2e82a897edd01b27a701b1?s=96&d=mm&r=g\",\"caption\":\"rachatvo\"}}]}<\/script>\n<!-- \/ Yoast SEO plugin. -->","yoast_head_json":{"title":"Contr\u00f4le technique des automobiles : V\u00e9rification rigoureuse en 2018","description":"En 2018, plus de 400 points seront \u00e0 v\u00e9rifier lors du contr\u00f4le technique de voitures et entraineront l\u2019interdiction imm\u00e9diate de circulation","robots":{"index":"index","follow":"follow","max-snippet":"max-snippet:-1","max-image-preview":"max-image-preview:large","max-video-preview":"max-video-preview:-1"},"canonical":"https:\/\/www.rachat-voiture.fr\/blog\/2018-vers-controle-technique-plus-rigoureux-autos\/","og_locale":"fr_FR","og_type":"article","og_title":"Contr\u00f4le technique des automobiles : V\u00e9rification rigoureuse en 2018","og_description":"En 2018, plus de 400 points seront \u00e0 v\u00e9rifier lors du contr\u00f4le technique de voitures et entraineront l\u2019interdiction imm\u00e9diate de circulation","og_url":"https:\/\/www.rachat-voiture.fr\/blog\/2018-vers-controle-technique-plus-rigoureux-autos\/","og_site_name":"Rachat Voiture le blog","article_publisher":"https:\/\/www.facebook.com\/rachat-voiturefr-173315142697028","article_published_time":"2017-08-08T09:46:30+00:00","article_modified_time":"2017-08-08T09:49:47+00:00","og_image":[{"width":533,"height":300,"url":"https:\/\/www.rachat-voiture.fr\/blog\/wp-content\/uploads\/2017\/08\/Controle-technique-des-automobiles-2018-france.jpg","type":"image\/jpeg"}],"author":"rachatvo","twitter_card":"summary_large_image","twitter_creator":"@Rachatvoiture","twitter_site":"@Rachatvoiture","twitter_misc":{"\u00c9crit par":"rachatvo","Dur\u00e9e de lecture estim\u00e9e":"2 minutes"},"schema":{"@context":"https:\/\/schema.org","@graph":[{"@type":"Article","@id":"https:\/\/www.rachat-voiture.fr\/blog\/2018-vers-controle-technique-plus-rigoureux-autos\/#article","isPartOf":{"@id":"https:\/\/www.rachat-voiture.fr\/blog\/2018-vers-controle-technique-plus-rigoureux-autos\/"},"author":{"name":"rachatvo","@id":"https:\/\/www.rachat-voiture.fr\/blog\/#\/schema\/person\/5a72fbf092e9bdef8e8635e3e44a8735"},"headline":"2018 : vers un contr\u00f4le technique plus rigoureux des autos","datePublished":"2017-08-08T09:46:30+00:00","dateModified":"2017-08-08T09:49:47+00:00","mainEntityOfPage":{"@id":"https:\/\/www.rachat-voiture.fr\/blog\/2018-vers-controle-technique-plus-rigoureux-autos\/"},"wordCount":482,"publisher":{"@id":"https:\/\/www.rachat-voiture.fr\/blog\/#organization"},"articleSection":["ACTUALIT\u00c9 DE LA VOITURE"],"inLanguage":"fr-FR"},{"@type":"WebPage","@id":"https:\/\/www.rachat-voiture.fr\/blog\/2018-vers-controle-technique-plus-rigoureux-autos\/","url":"https:\/\/www.rachat-voiture.fr\/blog\/2018-vers-controle-technique-plus-rigoureux-autos\/","name":"Contr\u00f4le technique des automobiles : V\u00e9rification rigoureuse en 2018","isPartOf":{"@id":"https:\/\/www.rachat-voiture.fr\/blog\/#website"},"datePublished":"2017-08-08T09:46:30+00:00","dateModified":"2017-08-08T09:49:47+00:00","description":"En 2018, plus de 400 points seront \u00e0 v\u00e9rifier lors du contr\u00f4le technique de voitures et entraineront l\u2019interdiction imm\u00e9diate de circulation","inLanguage":"fr-FR","potentialAction":[{"@type":"ReadAction","target":["https:\/\/www.rachat-voiture.fr\/blog\/2018-vers-controle-technique-plus-rigoureux-autos\/"]}]},{"@type":"WebSite","@id":"https:\/\/www.rachat-voiture.fr\/blog\/#website","url":"https:\/\/www.rachat-voiture.fr\/blog\/","name":"Rachat Voiture le blog","description":"","publisher":{"@id":"https:\/\/www.rachat-voiture.fr\/blog\/#organization"},"potentialAction":[{"@type":"SearchAction","target":{"@type":"EntryPoint","urlTemplate":"https:\/\/www.rachat-voiture.fr\/blog\/?s={search_term_string}"},"query-input":"required name=search_term_string"}],"inLanguage":"fr-FR"},{"@type":"Organization","@id":"https:\/\/www.rachat-voiture.fr\/blog\/#organization","name":"Rachat-Voiture","url":"https:\/\/www.rachat-voiture.fr\/blog\/","logo":{"@type":"ImageObject","inLanguage":"fr-FR","@id":"https:\/\/www.rachat-voiture.fr\/blog\/#\/schema\/logo\/image\/","url":"https:\/\/www.rachat-voiture.fr\/blog\/wp-content\/uploads\/2016\/03\/logo-rachat-voiture.jpg","contentUrl":"https:\/\/www.rachat-voiture.fr\/blog\/wp-content\/uploads\/2016\/03\/logo-rachat-voiture.jpg","width":425,"height":126,"caption":"Rachat-Voiture"},"image":{"@id":"https:\/\/www.rachat-voiture.fr\/blog\/#\/schema\/logo\/image\/"},"sameAs":["https:\/\/www.facebook.com\/rachat-voiturefr-173315142697028","https:\/\/twitter.com\/Rachatvoiture"]},{"@type":"Person","@id":"https:\/\/www.rachat-voiture.fr\/blog\/#\/schema\/person\/5a72fbf092e9bdef8e8635e3e44a8735","name":"rachatvo","image":{"@type":"ImageObject","inLanguage":"fr-FR","@id":"https:\/\/www.rachat-voiture.fr\/blog\/#\/schema\/person\/image\/","url":"https:\/\/secure.gravatar.com\/avatar\/be7bd3f27e2e82a897edd01b27a701b1?s=96&d=mm&r=g","contentUrl":"https:\/\/secure.gravatar.com\/avatar\/be7bd3f27e2e82a897edd01b27a701b1?s=96&d=mm&r=g","caption":"rachatvo"}}]}},"_links":{"self":[{"href":"https:\/\/www.rachat-voiture.fr\/blog\/wp-json\/wp\/v2\/posts\/1546"}],"collection":[{"href":"https:\/\/www.rachat-voiture.fr\/blog\/wp-json\/wp\/v2\/posts"}],"about":[{"href":"https:\/\/www.rachat-voiture.fr\/blog\/wp-json\/wp\/v2\/types\/post"}],"author":[{"embeddable":true,"href":"https:\/\/www.rachat-voiture.fr\/blog\/wp-json\/wp\/v2\/users\/1"}],"replies":[{"embeddable":true,"href":"https:\/\/www.rachat-voiture.fr\/blog\/wp-json\/wp\/v2\/comments?post=1546"}],"version-history":[{"count":1,"href":"https:\/\/www.rachat-voiture.fr\/blog\/wp-json\/wp\/v2\/posts\/1546\/revisions"}],"predecessor-version":[{"id":1547,"href":"https:\/\/www.rachat-voiture.fr\/blog\/wp-json\/wp\/v2\/posts\/1546\/revisions\/1547"}],"wp:featuredmedia":[{"embeddable":true,"href":"https:\/\/www.rachat-voiture.fr\/blog\/wp-json\/wp\/v2\/media\/1548"}],"wp:attachment":[{"href":"https:\/\/www.rachat-voiture.fr\/blog\/wp-json\/wp\/v2\/media?parent=1546"}],"wp:term":[{"taxonomy":"category","embeddable":true,"href":"https:\/\/www.rachat-voiture.fr\/blog\/wp-json\/wp\/v2\/categories?post=1546"},{"taxonomy":"post_tag","embeddable":true,"href":"https:\/\/www.rachat-voiture.fr\/blog\/wp-json\/wp\/v2\/tags?post=1546"}],"curies":[{"name":"wp","href":"https:\/\/api.w.org\/{rel}","templated":true}]}}