{"id":1632,"date":"2017-12-12T16:20:45","date_gmt":"2017-12-12T15:20:45","guid":{"rendered":"http:\/\/www.rachat-voiture.fr\/blog\/?p=1632"},"modified":"2017-12-12T16:20:45","modified_gmt":"2017-12-12T15:20:45","slug":"images-inedites-de-derniere-nee-de-mercedes-cls","status":"publish","type":"post","link":"https:\/\/www.rachat-voiture.fr\/blog\/images-inedites-de-derniere-nee-de-mercedes-cls\/","title":{"rendered":"Les images in\u00e9dites de la derni\u00e8re n\u00e9e de Mercedes : la CLS"},"content":{"rendered":"<p>Comme bien d\u2019autres mod\u00e8les avant elle, la Mercedes CLS n\u2019a pas \u00e9chapp\u00e9 aux fuites d\u2019images sur le web. En effet, elle devait \u00eatre pr\u00e9sent\u00e9e, pour la premi\u00e8re fois, au Salon de Los Angeles qui se tient le 29 Novembre. D\u00e9j\u00e0, les photos de la derni\u00e8re n\u00e9e de <a href=\"https:\/\/www.rachat-voiture.fr\/vendre-voiture-mercedes.html\">Mercedes<\/a> fait la une de Motoring, une plateforme Australienne. En sus, Worldscoop n\u2019a pas tard\u00e9 \u00e0 diffuser les images.<\/p>\n<p>Il faut rappeler que Mercedes a aguich\u00e9 l\u2019int\u00e9r\u00eat du public via un teaser, o\u00f9 seules des petites parties de la carrosserie ont \u00e9t\u00e9 d\u00e9voil\u00e9es. D\u00e9sormais, nous pourrons appr\u00e9cier le design de la fameuse CLS via les images non officielles. Ce mod\u00e8le arbore un design plus ou moins classique, des vitres lat\u00e9raux peu encombrants et un toit plongeant qui accentue l\u2019effet de profondeur.<\/p>\n<p>Comptez \u00e9galement sur une calandre assez bas, qui allonge le capot. Quant aux phares, ils tendent \u00e0 s\u2019\u00e9tirer vers les ailes. La partie arri\u00e8re ne diff\u00e8re pas des coup\u00e9s \u00e0 deux portes de la marque\u00a0: feux affin\u00e9s, plaque d\u2019immatriculation en contrebas. Ce mod\u00e8le est aussi pourvu d\u2019un kit esth\u00e9tique AMG.<\/p>\n<p>Les images officielles seront bient\u00f4t d\u00e9voil\u00e9es, alors, soyez au rendez-vous\u00a0! Ce mod\u00e8le sera disponible aupr\u00e8s des concessionnaires, d\u00e8s le printemps 2018.<\/p>\n","protected":false},"excerpt":{"rendered":"<p>Comme bien d\u2019autres mod\u00e8les avant elle, la Mercedes CLS n\u2019a pas \u00e9chapp\u00e9 aux fuites d\u2019images sur le web. En effet, elle devait \u00eatre pr\u00e9sent\u00e9e, pour la premi\u00e8re fois, au Salon de Los Angeles qui se tient le 29 Novembre. D\u00e9j\u00e0, les photos de la derni\u00e8re n\u00e9e de Mercedes fait la une de Motoring, une plateforme Australienne. En sus, Worldscoop n\u2019a pas tard\u00e9 \u00e0 diffuser les images. Il faut rappeler que Mercedes a aguich\u00e9 l\u2019int\u00e9r\u00eat du public via un teaser, o\u00f9 seules des petites parties de la carrosserie ont \u00e9t\u00e9 d\u00e9voil\u00e9es. D\u00e9sormais, nous pourrons appr\u00e9cier le design de la fameuse CLS [&hellip;]<\/p>\n","protected":false},"author":1,"featured_media":1633,"comment_status":"closed","ping_status":"open","sticky":false,"template":"","format":"standard","meta":[],"categories":[27],"tags":[],"yoast_head":"<!-- This site is optimized with the Yoast SEO plugin v20.7 - https:\/\/yoast.com\/wordpress\/plugins\/seo\/ -->\n<title>Les images in\u00e9dites de la derni\u00e8re n\u00e9e de Mercedes : la CLS<\/title>\n<meta name=\"description\" content=\"Le myst\u00e8re sur la CLS de Mercedes est donc lev\u00e9 puisque les premi\u00e8res photos ont \u00e9t\u00e9 d\u00e9voil\u00e9es sur le web. Ce grand coup\u00e9 n\u2019a rien \u00e0 envier \u00e0 ses pr\u00e9d\u00e9cesseurs\" \/>\n<meta name=\"robots\" content=\"index, follow, max-snippet:-1, max-image-preview:large, max-video-preview:-1\" \/>\n<link rel=\"canonical\" href=\"https:\/\/www.rachat-voiture.fr\/blog\/images-inedites-de-derniere-nee-de-mercedes-cls\/\" \/>\n<meta property=\"og:locale\" content=\"fr_FR\" \/>\n<meta property=\"og:type\" content=\"article\" \/>\n<meta property=\"og:title\" content=\"Les images in\u00e9dites de la derni\u00e8re n\u00e9e de Mercedes : la CLS\" \/>\n<meta property=\"og:description\" content=\"Le myst\u00e8re sur la CLS de Mercedes est donc lev\u00e9 puisque les premi\u00e8res photos ont \u00e9t\u00e9 d\u00e9voil\u00e9es sur le web. Ce grand coup\u00e9 n\u2019a rien \u00e0 envier \u00e0 ses pr\u00e9d\u00e9cesseurs\" \/>\n<meta property=\"og:url\" content=\"https:\/\/www.rachat-voiture.fr\/blog\/images-inedites-de-derniere-nee-de-mercedes-cls\/\" \/>\n<meta property=\"og:site_name\" content=\"Rachat Voiture le blog\" \/>\n<meta property=\"article:publisher\" content=\"https:\/\/www.facebook.com\/rachat-voiturefr-173315142697028\" \/>\n<meta property=\"article:published_time\" content=\"2017-12-12T15:20:45+00:00\" \/>\n<meta property=\"og:image\" content=\"https:\/\/www.rachat-voiture.fr\/blog\/wp-content\/uploads\/2017\/12\/Mercedes-la-CLS.jpg\" \/>\n\t<meta property=\"og:image:width\" content=\"450\" \/>\n\t<meta property=\"og:image:height\" content=\"300\" \/>\n\t<meta property=\"og:image:type\" content=\"image\/jpeg\" \/>\n<meta name=\"author\" content=\"rachatvo\" \/>\n<meta name=\"twitter:card\" content=\"summary_large_image\" \/>\n<meta name=\"twitter:creator\" content=\"@Rachatvoiture\" \/>\n<meta name=\"twitter:site\" content=\"@Rachatvoiture\" \/>\n<meta name=\"twitter:label1\" content=\"\u00c9crit par\" \/>\n\t<meta name=\"twitter:data1\" content=\"rachatvo\" \/>\n\t<meta name=\"twitter:label2\" content=\"Dur\u00e9e de lecture estim\u00e9e\" \/>\n\t<meta name=\"twitter:data2\" content=\"1 minute\" \/>\n<script type=\"application\/ld+json\" class=\"yoast-schema-graph\">{\"@context\":\"https:\/\/schema.org\",\"@graph\":[{\"@type\":\"Article\",\"@id\":\"https:\/\/www.rachat-voiture.fr\/blog\/images-inedites-de-derniere-nee-de-mercedes-cls\/#article\",\"isPartOf\":{\"@id\":\"https:\/\/www.rachat-voiture.fr\/blog\/images-inedites-de-derniere-nee-de-mercedes-cls\/\"},\"author\":{\"name\":\"rachatvo\",\"@id\":\"https:\/\/www.rachat-voiture.fr\/blog\/#\/schema\/person\/5a72fbf092e9bdef8e8635e3e44a8735\"},\"headline\":\"Les images in\u00e9dites de la derni\u00e8re n\u00e9e de Mercedes : la CLS\",\"datePublished\":\"2017-12-12T15:20:45+00:00\",\"dateModified\":\"2017-12-12T15:20:45+00:00\",\"mainEntityOfPage\":{\"@id\":\"https:\/\/www.rachat-voiture.fr\/blog\/images-inedites-de-derniere-nee-de-mercedes-cls\/\"},\"wordCount\":244,\"publisher\":{\"@id\":\"https:\/\/www.rachat-voiture.fr\/blog\/#organization\"},\"articleSection\":[\"ACTUALIT\u00c9 DE LA VOITURE\"],\"inLanguage\":\"fr-FR\"},{\"@type\":\"WebPage\",\"@id\":\"https:\/\/www.rachat-voiture.fr\/blog\/images-inedites-de-derniere-nee-de-mercedes-cls\/\",\"url\":\"https:\/\/www.rachat-voiture.fr\/blog\/images-inedites-de-derniere-nee-de-mercedes-cls\/\",\"name\":\"Les images in\u00e9dites de la derni\u00e8re n\u00e9e de Mercedes : la CLS\",\"isPartOf\":{\"@id\":\"https:\/\/www.rachat-voiture.fr\/blog\/#website\"},\"datePublished\":\"2017-12-12T15:20:45+00:00\",\"dateModified\":\"2017-12-12T15:20:45+00:00\",\"description\":\"Le myst\u00e8re sur la CLS de Mercedes est donc lev\u00e9 puisque les premi\u00e8res photos ont \u00e9t\u00e9 d\u00e9voil\u00e9es sur le web. Ce grand coup\u00e9 n\u2019a rien \u00e0 envier \u00e0 ses pr\u00e9d\u00e9cesseurs\",\"inLanguage\":\"fr-FR\",\"potentialAction\":[{\"@type\":\"ReadAction\",\"target\":[\"https:\/\/www.rachat-voiture.fr\/blog\/images-inedites-de-derniere-nee-de-mercedes-cls\/\"]}]},{\"@type\":\"WebSite\",\"@id\":\"https:\/\/www.rachat-voiture.fr\/blog\/#website\",\"url\":\"https:\/\/www.rachat-voiture.fr\/blog\/\",\"name\":\"Rachat Voiture le blog\",\"description\":\"\",\"publisher\":{\"@id\":\"https:\/\/www.rachat-voiture.fr\/blog\/#organization\"},\"potentialAction\":[{\"@type\":\"SearchAction\",\"target\":{\"@type\":\"EntryPoint\",\"urlTemplate\":\"https:\/\/www.rachat-voiture.fr\/blog\/?s={search_term_string}\"},\"query-input\":\"required name=search_term_string\"}],\"inLanguage\":\"fr-FR\"},{\"@type\":\"Organization\",\"@id\":\"https:\/\/www.rachat-voiture.fr\/blog\/#organization\",\"name\":\"Rachat-Voiture\",\"url\":\"https:\/\/www.rachat-voiture.fr\/blog\/\",\"logo\":{\"@type\":\"ImageObject\",\"inLanguage\":\"fr-FR\",\"@id\":\"https:\/\/www.rachat-voiture.fr\/blog\/#\/schema\/logo\/image\/\",\"url\":\"https:\/\/www.rachat-voiture.fr\/blog\/wp-content\/uploads\/2016\/03\/logo-rachat-voiture.jpg\",\"contentUrl\":\"https:\/\/www.rachat-voiture.fr\/blog\/wp-content\/uploads\/2016\/03\/logo-rachat-voiture.jpg\",\"width\":425,\"height\":126,\"caption\":\"Rachat-Voiture\"},\"image\":{\"@id\":\"https:\/\/www.rachat-voiture.fr\/blog\/#\/schema\/logo\/image\/\"},\"sameAs\":[\"https:\/\/www.facebook.com\/rachat-voiturefr-173315142697028\",\"https:\/\/twitter.com\/Rachatvoiture\"]},{\"@type\":\"Person\",\"@id\":\"https:\/\/www.rachat-voiture.fr\/blog\/#\/schema\/person\/5a72fbf092e9bdef8e8635e3e44a8735\",\"name\":\"rachatvo\",\"image\":{\"@type\":\"ImageObject\",\"inLanguage\":\"fr-FR\",\"@id\":\"https:\/\/www.rachat-voiture.fr\/blog\/#\/schema\/person\/image\/\",\"url\":\"https:\/\/secure.gravatar.com\/avatar\/be7bd3f27e2e82a897edd01b27a701b1?s=96&d=mm&r=g\",\"contentUrl\":\"https:\/\/secure.gravatar.com\/avatar\/be7bd3f27e2e82a897edd01b27a701b1?s=96&d=mm&r=g\",\"caption\":\"rachatvo\"}}]}<\/script>\n<!-- \/ Yoast SEO plugin. -->","yoast_head_json":{"title":"Les images in\u00e9dites de la derni\u00e8re n\u00e9e de Mercedes : la CLS","description":"Le myst\u00e8re sur la CLS de Mercedes est donc lev\u00e9 puisque les premi\u00e8res photos ont \u00e9t\u00e9 d\u00e9voil\u00e9es sur le web. Ce grand coup\u00e9 n\u2019a rien \u00e0 envier \u00e0 ses pr\u00e9d\u00e9cesseurs","robots":{"index":"index","follow":"follow","max-snippet":"max-snippet:-1","max-image-preview":"max-image-preview:large","max-video-preview":"max-video-preview:-1"},"canonical":"https:\/\/www.rachat-voiture.fr\/blog\/images-inedites-de-derniere-nee-de-mercedes-cls\/","og_locale":"fr_FR","og_type":"article","og_title":"Les images in\u00e9dites de la derni\u00e8re n\u00e9e de Mercedes : la CLS","og_description":"Le myst\u00e8re sur la CLS de Mercedes est donc lev\u00e9 puisque les premi\u00e8res photos ont \u00e9t\u00e9 d\u00e9voil\u00e9es sur le web. Ce grand coup\u00e9 n\u2019a rien \u00e0 envier \u00e0 ses pr\u00e9d\u00e9cesseurs","og_url":"https:\/\/www.rachat-voiture.fr\/blog\/images-inedites-de-derniere-nee-de-mercedes-cls\/","og_site_name":"Rachat Voiture le blog","article_publisher":"https:\/\/www.facebook.com\/rachat-voiturefr-173315142697028","article_published_time":"2017-12-12T15:20:45+00:00","og_image":[{"width":450,"height":300,"url":"https:\/\/www.rachat-voiture.fr\/blog\/wp-content\/uploads\/2017\/12\/Mercedes-la-CLS.jpg","type":"image\/jpeg"}],"author":"rachatvo","twitter_card":"summary_large_image","twitter_creator":"@Rachatvoiture","twitter_site":"@Rachatvoiture","twitter_misc":{"\u00c9crit par":"rachatvo","Dur\u00e9e de lecture estim\u00e9e":"1 minute"},"schema":{"@context":"https:\/\/schema.org","@graph":[{"@type":"Article","@id":"https:\/\/www.rachat-voiture.fr\/blog\/images-inedites-de-derniere-nee-de-mercedes-cls\/#article","isPartOf":{"@id":"https:\/\/www.rachat-voiture.fr\/blog\/images-inedites-de-derniere-nee-de-mercedes-cls\/"},"author":{"name":"rachatvo","@id":"https:\/\/www.rachat-voiture.fr\/blog\/#\/schema\/person\/5a72fbf092e9bdef8e8635e3e44a8735"},"headline":"Les images in\u00e9dites de la derni\u00e8re n\u00e9e de Mercedes : la CLS","datePublished":"2017-12-12T15:20:45+00:00","dateModified":"2017-12-12T15:20:45+00:00","mainEntityOfPage":{"@id":"https:\/\/www.rachat-voiture.fr\/blog\/images-inedites-de-derniere-nee-de-mercedes-cls\/"},"wordCount":244,"publisher":{"@id":"https:\/\/www.rachat-voiture.fr\/blog\/#organization"},"articleSection":["ACTUALIT\u00c9 DE LA VOITURE"],"inLanguage":"fr-FR"},{"@type":"WebPage","@id":"https:\/\/www.rachat-voiture.fr\/blog\/images-inedites-de-derniere-nee-de-mercedes-cls\/","url":"https:\/\/www.rachat-voiture.fr\/blog\/images-inedites-de-derniere-nee-de-mercedes-cls\/","name":"Les images in\u00e9dites de la derni\u00e8re n\u00e9e de Mercedes : la CLS","isPartOf":{"@id":"https:\/\/www.rachat-voiture.fr\/blog\/#website"},"datePublished":"2017-12-12T15:20:45+00:00","dateModified":"2017-12-12T15:20:45+00:00","description":"Le myst\u00e8re sur la CLS de Mercedes est donc lev\u00e9 puisque les premi\u00e8res photos ont \u00e9t\u00e9 d\u00e9voil\u00e9es sur le web. Ce grand coup\u00e9 n\u2019a rien \u00e0 envier \u00e0 ses pr\u00e9d\u00e9cesseurs","inLanguage":"fr-FR","potentialAction":[{"@type":"ReadAction","target":["https:\/\/www.rachat-voiture.fr\/blog\/images-inedites-de-derniere-nee-de-mercedes-cls\/"]}]},{"@type":"WebSite","@id":"https:\/\/www.rachat-voiture.fr\/blog\/#website","url":"https:\/\/www.rachat-voiture.fr\/blog\/","name":"Rachat Voiture le blog","description":"","publisher":{"@id":"https:\/\/www.rachat-voiture.fr\/blog\/#organization"},"potentialAction":[{"@type":"SearchAction","target":{"@type":"EntryPoint","urlTemplate":"https:\/\/www.rachat-voiture.fr\/blog\/?s={search_term_string}"},"query-input":"required name=search_term_string"}],"inLanguage":"fr-FR"},{"@type":"Organization","@id":"https:\/\/www.rachat-voiture.fr\/blog\/#organization","name":"Rachat-Voiture","url":"https:\/\/www.rachat-voiture.fr\/blog\/","logo":{"@type":"ImageObject","inLanguage":"fr-FR","@id":"https:\/\/www.rachat-voiture.fr\/blog\/#\/schema\/logo\/image\/","url":"https:\/\/www.rachat-voiture.fr\/blog\/wp-content\/uploads\/2016\/03\/logo-rachat-voiture.jpg","contentUrl":"https:\/\/www.rachat-voiture.fr\/blog\/wp-content\/uploads\/2016\/03\/logo-rachat-voiture.jpg","width":425,"height":126,"caption":"Rachat-Voiture"},"image":{"@id":"https:\/\/www.rachat-voiture.fr\/blog\/#\/schema\/logo\/image\/"},"sameAs":["https:\/\/www.facebook.com\/rachat-voiturefr-173315142697028","https:\/\/twitter.com\/Rachatvoiture"]},{"@type":"Person","@id":"https:\/\/www.rachat-voiture.fr\/blog\/#\/schema\/person\/5a72fbf092e9bdef8e8635e3e44a8735","name":"rachatvo","image":{"@type":"ImageObject","inLanguage":"fr-FR","@id":"https:\/\/www.rachat-voiture.fr\/blog\/#\/schema\/person\/image\/","url":"https:\/\/secure.gravatar.com\/avatar\/be7bd3f27e2e82a897edd01b27a701b1?s=96&d=mm&r=g","contentUrl":"https:\/\/secure.gravatar.com\/avatar\/be7bd3f27e2e82a897edd01b27a701b1?s=96&d=mm&r=g","caption":"rachatvo"}}]}},"_links":{"self":[{"href":"https:\/\/www.rachat-voiture.fr\/blog\/wp-json\/wp\/v2\/posts\/1632"}],"collection":[{"href":"https:\/\/www.rachat-voiture.fr\/blog\/wp-json\/wp\/v2\/posts"}],"about":[{"href":"https:\/\/www.rachat-voiture.fr\/blog\/wp-json\/wp\/v2\/types\/post"}],"author":[{"embeddable":true,"href":"https:\/\/www.rachat-voiture.fr\/blog\/wp-json\/wp\/v2\/users\/1"}],"replies":[{"embeddable":true,"href":"https:\/\/www.rachat-voiture.fr\/blog\/wp-json\/wp\/v2\/comments?post=1632"}],"version-history":[{"count":1,"href":"https:\/\/www.rachat-voiture.fr\/blog\/wp-json\/wp\/v2\/posts\/1632\/revisions"}],"predecessor-version":[{"id":1634,"href":"https:\/\/www.rachat-voiture.fr\/blog\/wp-json\/wp\/v2\/posts\/1632\/revisions\/1634"}],"wp:featuredmedia":[{"embeddable":true,"href":"https:\/\/www.rachat-voiture.fr\/blog\/wp-json\/wp\/v2\/media\/1633"}],"wp:attachment":[{"href":"https:\/\/www.rachat-voiture.fr\/blog\/wp-json\/wp\/v2\/media?parent=1632"}],"wp:term":[{"taxonomy":"category","embeddable":true,"href":"https:\/\/www.rachat-voiture.fr\/blog\/wp-json\/wp\/v2\/categories?post=1632"},{"taxonomy":"post_tag","embeddable":true,"href":"https:\/\/www.rachat-voiture.fr\/blog\/wp-json\/wp\/v2\/tags?post=1632"}],"curies":[{"name":"wp","href":"https:\/\/api.w.org\/{rel}","templated":true}]}}