{"id":623,"date":"2015-01-07T10:23:19","date_gmt":"2015-01-07T09:23:19","guid":{"rendered":"http:\/\/www.rachat-voiture.fr\/blog\/?p=623"},"modified":"2018-01-23T11:32:44","modified_gmt":"2018-01-23T10:32:44","slug":"renault-bientot-la-laguna-4","status":"publish","type":"post","link":"https:\/\/www.rachat-voiture.fr\/blog\/renault-bientot-la-laguna-4\/","title":{"rendered":"Renault : Bient\u00f4t la Laguna 4"},"content":{"rendered":"<p style=\"text-align: left;\"><span style=\"line-height: 1.5em;\">Du nouveau chez Renault, il n\u2019en manque pas. Le vice-pr\u00e9sident de filiale du groupe en Europe, Stefan Muller, a annonc\u00e9 la prochaine sortie de la Laguna 4.<\/span><\/p>\n<p>Depuis qu\u2019elle est sortie en 2007, la Laguna a \u00e9t\u00e9 r\u00e9nov\u00e9e \u00e0 deux reprises \u00e0 intervalle de trois ans. En lan\u00e7ant cette nouvelle version, le constructeur fran\u00e7ais marque son retour dans le segment des berlines haut de gamme.<\/p>\n<p style=\"text-align: center;\"><img decoding=\"async\" loading=\"lazy\" class=\"aligncenter wp-image-624\" src=\"https:\/\/www.rachat-voiture.fr\/blog\/wp-content\/uploads\/2015\/01\/Laguna.jpg\" alt=\"RENAULT LAGUNA III BERLINE 5 PORTES (B91) - PHASE 3\" width=\"725\" height=\"409\" srcset=\"https:\/\/www.rachat-voiture.fr\/blog\/wp-content\/uploads\/2015\/01\/Laguna.jpg 533w, https:\/\/www.rachat-voiture.fr\/blog\/wp-content\/uploads\/2015\/01\/Laguna-300x168.jpg 300w, https:\/\/www.rachat-voiture.fr\/blog\/wp-content\/uploads\/2015\/01\/Laguna-1024x576.jpg 1024w\" sizes=\"(max-width: 725px) 100vw, 725px\" \/><\/p>\n<p>Dans une interview qu\u2019il a accord\u00e9e \u00e0 Auto Motor und Sport, Muller a affirm\u00e9 que la maison pr\u00e9voit de renouveler prochainement les mod\u00e8les\u00a0: Sc\u00e9nic et M\u00e9gane. En attendant, chez la firme fran\u00e7aise, on se focalise sur la nouvelle gamme de Crossovers qu\u2019on devrait d\u00e9couvrir courant 2015.<\/p>\n","protected":false},"excerpt":{"rendered":"<p>Du nouveau chez Renault, il n\u2019en manque pas. Le vice-pr\u00e9sident de filiale du groupe en Europe, Stefan Muller, a annonc\u00e9 la prochaine sortie de la Laguna 4. Depuis qu\u2019elle est sortie en 2007, la Laguna a \u00e9t\u00e9 r\u00e9nov\u00e9e \u00e0 deux reprises \u00e0 intervalle de trois ans. En lan\u00e7ant cette nouvelle version, le constructeur fran\u00e7ais marque son retour dans le segment des berlines haut de gamme. Dans une interview qu\u2019il a accord\u00e9e \u00e0 Auto Motor und Sport, Muller a affirm\u00e9 que la maison pr\u00e9voit de renouveler prochainement les mod\u00e8les\u00a0: Sc\u00e9nic et M\u00e9gane. En attendant, chez la firme fran\u00e7aise, on se focalise [&hellip;]<\/p>\n","protected":false},"author":1,"featured_media":624,"comment_status":"closed","ping_status":"open","sticky":false,"template":"","format":"standard","meta":[],"categories":[27],"tags":[],"yoast_head":"<!-- This site is optimized with the Yoast SEO plugin v20.7 - https:\/\/yoast.com\/wordpress\/plugins\/seo\/ -->\n<title>Renault : Bient\u00f4t la Laguna 4 selon Auto Motor und Sport<\/title>\n<meta name=\"description\" content=\"Du nouveau chez Renault, il n\u2019en manque pas. Le vice-pr\u00e9sident de filiale du groupe en Europe, Stefan Muller, a annonc\u00e9 la prochaine sortie de la Laguna 4\" \/>\n<meta name=\"robots\" content=\"index, follow, max-snippet:-1, max-image-preview:large, max-video-preview:-1\" \/>\n<link rel=\"canonical\" href=\"https:\/\/www.rachat-voiture.fr\/blog\/renault-bientot-la-laguna-4\/\" \/>\n<meta property=\"og:locale\" content=\"fr_FR\" \/>\n<meta property=\"og:type\" content=\"article\" \/>\n<meta property=\"og:title\" content=\"Renault : Bient\u00f4t la Laguna 4 selon Auto Motor und Sport\" \/>\n<meta property=\"og:description\" content=\"Du nouveau chez Renault, il n\u2019en manque pas. Le vice-pr\u00e9sident de filiale du groupe en Europe, Stefan Muller, a annonc\u00e9 la prochaine sortie de la Laguna 4\" \/>\n<meta property=\"og:url\" content=\"https:\/\/www.rachat-voiture.fr\/blog\/renault-bientot-la-laguna-4\/\" \/>\n<meta property=\"og:site_name\" content=\"Rachat Voiture le blog\" \/>\n<meta property=\"article:publisher\" content=\"https:\/\/www.facebook.com\/rachat-voiturefr-173315142697028\" \/>\n<meta property=\"article:published_time\" content=\"2015-01-07T09:23:19+00:00\" \/>\n<meta property=\"article:modified_time\" content=\"2018-01-23T10:32:44+00:00\" \/>\n<meta property=\"og:image\" content=\"https:\/\/www.rachat-voiture.fr\/blog\/wp-content\/uploads\/2015\/01\/Laguna.jpg\" \/>\n\t<meta property=\"og:image:width\" content=\"533\" \/>\n\t<meta property=\"og:image:height\" content=\"300\" \/>\n\t<meta property=\"og:image:type\" content=\"image\/jpeg\" \/>\n<meta name=\"author\" content=\"rachatvo\" \/>\n<meta name=\"twitter:card\" content=\"summary_large_image\" \/>\n<meta name=\"twitter:creator\" content=\"@Rachatvoiture\" \/>\n<meta name=\"twitter:site\" content=\"@Rachatvoiture\" \/>\n<meta name=\"twitter:label1\" content=\"\u00c9crit par\" \/>\n\t<meta name=\"twitter:data1\" content=\"rachatvo\" \/>\n\t<meta name=\"twitter:label2\" content=\"Dur\u00e9e de lecture estim\u00e9e\" \/>\n\t<meta name=\"twitter:data2\" content=\"1 minute\" \/>\n<script type=\"application\/ld+json\" class=\"yoast-schema-graph\">{\"@context\":\"https:\/\/schema.org\",\"@graph\":[{\"@type\":\"Article\",\"@id\":\"https:\/\/www.rachat-voiture.fr\/blog\/renault-bientot-la-laguna-4\/#article\",\"isPartOf\":{\"@id\":\"https:\/\/www.rachat-voiture.fr\/blog\/renault-bientot-la-laguna-4\/\"},\"author\":{\"name\":\"rachatvo\",\"@id\":\"https:\/\/www.rachat-voiture.fr\/blog\/#\/schema\/person\/5a72fbf092e9bdef8e8635e3e44a8735\"},\"headline\":\"Renault : Bient\u00f4t la Laguna 4\",\"datePublished\":\"2015-01-07T09:23:19+00:00\",\"dateModified\":\"2018-01-23T10:32:44+00:00\",\"mainEntityOfPage\":{\"@id\":\"https:\/\/www.rachat-voiture.fr\/blog\/renault-bientot-la-laguna-4\/\"},\"wordCount\":126,\"publisher\":{\"@id\":\"https:\/\/www.rachat-voiture.fr\/blog\/#organization\"},\"articleSection\":[\"ACTUALIT\u00c9 DE LA VOITURE\"],\"inLanguage\":\"fr-FR\"},{\"@type\":\"WebPage\",\"@id\":\"https:\/\/www.rachat-voiture.fr\/blog\/renault-bientot-la-laguna-4\/\",\"url\":\"https:\/\/www.rachat-voiture.fr\/blog\/renault-bientot-la-laguna-4\/\",\"name\":\"Renault : Bient\u00f4t la Laguna 4 selon Auto Motor und Sport\",\"isPartOf\":{\"@id\":\"https:\/\/www.rachat-voiture.fr\/blog\/#website\"},\"datePublished\":\"2015-01-07T09:23:19+00:00\",\"dateModified\":\"2018-01-23T10:32:44+00:00\",\"description\":\"Du nouveau chez Renault, il n\u2019en manque pas. Le vice-pr\u00e9sident de filiale du groupe en Europe, Stefan Muller, a annonc\u00e9 la prochaine sortie de la Laguna 4\",\"inLanguage\":\"fr-FR\",\"potentialAction\":[{\"@type\":\"ReadAction\",\"target\":[\"https:\/\/www.rachat-voiture.fr\/blog\/renault-bientot-la-laguna-4\/\"]}]},{\"@type\":\"WebSite\",\"@id\":\"https:\/\/www.rachat-voiture.fr\/blog\/#website\",\"url\":\"https:\/\/www.rachat-voiture.fr\/blog\/\",\"name\":\"Rachat Voiture le blog\",\"description\":\"\",\"publisher\":{\"@id\":\"https:\/\/www.rachat-voiture.fr\/blog\/#organization\"},\"potentialAction\":[{\"@type\":\"SearchAction\",\"target\":{\"@type\":\"EntryPoint\",\"urlTemplate\":\"https:\/\/www.rachat-voiture.fr\/blog\/?s={search_term_string}\"},\"query-input\":\"required name=search_term_string\"}],\"inLanguage\":\"fr-FR\"},{\"@type\":\"Organization\",\"@id\":\"https:\/\/www.rachat-voiture.fr\/blog\/#organization\",\"name\":\"Rachat-Voiture\",\"url\":\"https:\/\/www.rachat-voiture.fr\/blog\/\",\"logo\":{\"@type\":\"ImageObject\",\"inLanguage\":\"fr-FR\",\"@id\":\"https:\/\/www.rachat-voiture.fr\/blog\/#\/schema\/logo\/image\/\",\"url\":\"https:\/\/www.rachat-voiture.fr\/blog\/wp-content\/uploads\/2016\/03\/logo-rachat-voiture.jpg\",\"contentUrl\":\"https:\/\/www.rachat-voiture.fr\/blog\/wp-content\/uploads\/2016\/03\/logo-rachat-voiture.jpg\",\"width\":425,\"height\":126,\"caption\":\"Rachat-Voiture\"},\"image\":{\"@id\":\"https:\/\/www.rachat-voiture.fr\/blog\/#\/schema\/logo\/image\/\"},\"sameAs\":[\"https:\/\/www.facebook.com\/rachat-voiturefr-173315142697028\",\"https:\/\/twitter.com\/Rachatvoiture\"]},{\"@type\":\"Person\",\"@id\":\"https:\/\/www.rachat-voiture.fr\/blog\/#\/schema\/person\/5a72fbf092e9bdef8e8635e3e44a8735\",\"name\":\"rachatvo\",\"image\":{\"@type\":\"ImageObject\",\"inLanguage\":\"fr-FR\",\"@id\":\"https:\/\/www.rachat-voiture.fr\/blog\/#\/schema\/person\/image\/\",\"url\":\"https:\/\/secure.gravatar.com\/avatar\/be7bd3f27e2e82a897edd01b27a701b1?s=96&d=mm&r=g\",\"contentUrl\":\"https:\/\/secure.gravatar.com\/avatar\/be7bd3f27e2e82a897edd01b27a701b1?s=96&d=mm&r=g\",\"caption\":\"rachatvo\"}}]}<\/script>\n<!-- \/ Yoast SEO plugin. -->","yoast_head_json":{"title":"Renault : Bient\u00f4t la Laguna 4 selon Auto Motor und Sport","description":"Du nouveau chez Renault, il n\u2019en manque pas. Le vice-pr\u00e9sident de filiale du groupe en Europe, Stefan Muller, a annonc\u00e9 la prochaine sortie de la Laguna 4","robots":{"index":"index","follow":"follow","max-snippet":"max-snippet:-1","max-image-preview":"max-image-preview:large","max-video-preview":"max-video-preview:-1"},"canonical":"https:\/\/www.rachat-voiture.fr\/blog\/renault-bientot-la-laguna-4\/","og_locale":"fr_FR","og_type":"article","og_title":"Renault : Bient\u00f4t la Laguna 4 selon Auto Motor und Sport","og_description":"Du nouveau chez Renault, il n\u2019en manque pas. Le vice-pr\u00e9sident de filiale du groupe en Europe, Stefan Muller, a annonc\u00e9 la prochaine sortie de la Laguna 4","og_url":"https:\/\/www.rachat-voiture.fr\/blog\/renault-bientot-la-laguna-4\/","og_site_name":"Rachat Voiture le blog","article_publisher":"https:\/\/www.facebook.com\/rachat-voiturefr-173315142697028","article_published_time":"2015-01-07T09:23:19+00:00","article_modified_time":"2018-01-23T10:32:44+00:00","og_image":[{"width":533,"height":300,"url":"https:\/\/www.rachat-voiture.fr\/blog\/wp-content\/uploads\/2015\/01\/Laguna.jpg","type":"image\/jpeg"}],"author":"rachatvo","twitter_card":"summary_large_image","twitter_creator":"@Rachatvoiture","twitter_site":"@Rachatvoiture","twitter_misc":{"\u00c9crit par":"rachatvo","Dur\u00e9e de lecture estim\u00e9e":"1 minute"},"schema":{"@context":"https:\/\/schema.org","@graph":[{"@type":"Article","@id":"https:\/\/www.rachat-voiture.fr\/blog\/renault-bientot-la-laguna-4\/#article","isPartOf":{"@id":"https:\/\/www.rachat-voiture.fr\/blog\/renault-bientot-la-laguna-4\/"},"author":{"name":"rachatvo","@id":"https:\/\/www.rachat-voiture.fr\/blog\/#\/schema\/person\/5a72fbf092e9bdef8e8635e3e44a8735"},"headline":"Renault : Bient\u00f4t la Laguna 4","datePublished":"2015-01-07T09:23:19+00:00","dateModified":"2018-01-23T10:32:44+00:00","mainEntityOfPage":{"@id":"https:\/\/www.rachat-voiture.fr\/blog\/renault-bientot-la-laguna-4\/"},"wordCount":126,"publisher":{"@id":"https:\/\/www.rachat-voiture.fr\/blog\/#organization"},"articleSection":["ACTUALIT\u00c9 DE LA VOITURE"],"inLanguage":"fr-FR"},{"@type":"WebPage","@id":"https:\/\/www.rachat-voiture.fr\/blog\/renault-bientot-la-laguna-4\/","url":"https:\/\/www.rachat-voiture.fr\/blog\/renault-bientot-la-laguna-4\/","name":"Renault : Bient\u00f4t la Laguna 4 selon Auto Motor und Sport","isPartOf":{"@id":"https:\/\/www.rachat-voiture.fr\/blog\/#website"},"datePublished":"2015-01-07T09:23:19+00:00","dateModified":"2018-01-23T10:32:44+00:00","description":"Du nouveau chez Renault, il n\u2019en manque pas. Le vice-pr\u00e9sident de filiale du groupe en Europe, Stefan Muller, a annonc\u00e9 la prochaine sortie de la Laguna 4","inLanguage":"fr-FR","potentialAction":[{"@type":"ReadAction","target":["https:\/\/www.rachat-voiture.fr\/blog\/renault-bientot-la-laguna-4\/"]}]},{"@type":"WebSite","@id":"https:\/\/www.rachat-voiture.fr\/blog\/#website","url":"https:\/\/www.rachat-voiture.fr\/blog\/","name":"Rachat Voiture le blog","description":"","publisher":{"@id":"https:\/\/www.rachat-voiture.fr\/blog\/#organization"},"potentialAction":[{"@type":"SearchAction","target":{"@type":"EntryPoint","urlTemplate":"https:\/\/www.rachat-voiture.fr\/blog\/?s={search_term_string}"},"query-input":"required name=search_term_string"}],"inLanguage":"fr-FR"},{"@type":"Organization","@id":"https:\/\/www.rachat-voiture.fr\/blog\/#organization","name":"Rachat-Voiture","url":"https:\/\/www.rachat-voiture.fr\/blog\/","logo":{"@type":"ImageObject","inLanguage":"fr-FR","@id":"https:\/\/www.rachat-voiture.fr\/blog\/#\/schema\/logo\/image\/","url":"https:\/\/www.rachat-voiture.fr\/blog\/wp-content\/uploads\/2016\/03\/logo-rachat-voiture.jpg","contentUrl":"https:\/\/www.rachat-voiture.fr\/blog\/wp-content\/uploads\/2016\/03\/logo-rachat-voiture.jpg","width":425,"height":126,"caption":"Rachat-Voiture"},"image":{"@id":"https:\/\/www.rachat-voiture.fr\/blog\/#\/schema\/logo\/image\/"},"sameAs":["https:\/\/www.facebook.com\/rachat-voiturefr-173315142697028","https:\/\/twitter.com\/Rachatvoiture"]},{"@type":"Person","@id":"https:\/\/www.rachat-voiture.fr\/blog\/#\/schema\/person\/5a72fbf092e9bdef8e8635e3e44a8735","name":"rachatvo","image":{"@type":"ImageObject","inLanguage":"fr-FR","@id":"https:\/\/www.rachat-voiture.fr\/blog\/#\/schema\/person\/image\/","url":"https:\/\/secure.gravatar.com\/avatar\/be7bd3f27e2e82a897edd01b27a701b1?s=96&d=mm&r=g","contentUrl":"https:\/\/secure.gravatar.com\/avatar\/be7bd3f27e2e82a897edd01b27a701b1?s=96&d=mm&r=g","caption":"rachatvo"}}]}},"_links":{"self":[{"href":"https:\/\/www.rachat-voiture.fr\/blog\/wp-json\/wp\/v2\/posts\/623"}],"collection":[{"href":"https:\/\/www.rachat-voiture.fr\/blog\/wp-json\/wp\/v2\/posts"}],"about":[{"href":"https:\/\/www.rachat-voiture.fr\/blog\/wp-json\/wp\/v2\/types\/post"}],"author":[{"embeddable":true,"href":"https:\/\/www.rachat-voiture.fr\/blog\/wp-json\/wp\/v2\/users\/1"}],"replies":[{"embeddable":true,"href":"https:\/\/www.rachat-voiture.fr\/blog\/wp-json\/wp\/v2\/comments?post=623"}],"version-history":[{"count":3,"href":"https:\/\/www.rachat-voiture.fr\/blog\/wp-json\/wp\/v2\/posts\/623\/revisions"}],"predecessor-version":[{"id":1679,"href":"https:\/\/www.rachat-voiture.fr\/blog\/wp-json\/wp\/v2\/posts\/623\/revisions\/1679"}],"wp:featuredmedia":[{"embeddable":true,"href":"https:\/\/www.rachat-voiture.fr\/blog\/wp-json\/wp\/v2\/media\/624"}],"wp:attachment":[{"href":"https:\/\/www.rachat-voiture.fr\/blog\/wp-json\/wp\/v2\/media?parent=623"}],"wp:term":[{"taxonomy":"category","embeddable":true,"href":"https:\/\/www.rachat-voiture.fr\/blog\/wp-json\/wp\/v2\/categories?post=623"},{"taxonomy":"post_tag","embeddable":true,"href":"https:\/\/www.rachat-voiture.fr\/blog\/wp-json\/wp\/v2\/tags?post=623"}],"curies":[{"name":"wp","href":"https:\/\/api.w.org\/{rel}","templated":true}]}}